{"id":2019,"date":"2024-01-22T09:15:46","date_gmt":"2024-01-22T09:15:46","guid":{"rendered":"https:\/\/dzpecinci.rs\/wordpress\/?p=2019"},"modified":"2024-01-24T09:17:58","modified_gmt":"2024-01-24T09:17:58","slug":"zajedno-protiv-raka-grlica-materice","status":"publish","type":"post","link":"https:\/\/dzpecinci.rs\/wordpress\/zajedno-protiv-raka-grlica-materice\/","title":{"rendered":"\u201eZAJEDNO PROTIV RAKA GRLI\u0106A MATERICE\u201d"},"content":{"rendered":"\n<p>Evropska nedelja prevencije raka grli\u0107a materice obele\u017eava se od 22. do 28. januara 2024. godine u cilju unapre\u0111enja stavova i informisanja o raku grli\u0107a materice i na\u010dinima prevencije.<\/p>\n\n\n\n<p>Osnovna poruka svim \u017eenama je da je rak grli\u0107a materice maligna bolest koja se mo\u017ee spre\u010diti:\u201eZAJEDNO PROTIV RAKA GRLI\u0106A MATERICE\u201d. To je slogan 18. Evropske nedelje prevencije raka grli\u0107a materice koji pokre\u0107e \u017eene da razmi\u0161ljaju o&nbsp; reproduktivnom zdravlju i da koriste dostupne mere primarne i sekundarne prevencije.<\/p>\n\n\n\n<p>Prva Evropska nedelja obele\u017eena je 2007. godine, kada je Savet Evrope doneo preporuke o zapo\u010dinjanju kampanje i obele\u017eavanju Evropske nedelje prevencije raka grli\u0107a materice. Prepoznaju\u0107i zna\u010daj ove kampanje, Srbija aktivno u\u010destvuje u njenom obele\u017eavanju. Ovom nedeljom prenosimo poruku o zna\u010daju mera prevencije u cilju spre\u010davanja obolevanja i umiranja od raka grli\u0107a materice.<\/p>\n\n\n\n<p>Republika Srbija se ubraja u zemlje sveta u kojima je uvedena vacinacija protiv oboljenja izazvanih humanim papiloma virusima (HPV), o tro\u0161ku dr\u017eave, za populaciju dece, oba pola (devoj\u010dice i de\u010daci). Vi\u0161e informacija o HPV vakcini mo\u017eete prona\u0107i na: https:\/\/www.batut.org.rs\/index.php?content=2383<\/p>\n\n\n\n<p>Pregled za rano otkrivanje raka grli\u0107a materice vr\u0161i se jednostavnim Papanikolau testom (PAP test). Pored PAP testa mo\u017ee se uraditi i HPV skrining test koji sa sigurno\u0161\u0107u utvr\u0111uje da li postoji HPV virus ili ne i to putem PCR tehnike, a nakon toga i HPV test genotipizacije kojim se otkriva genotip virusa koji spada u visoko ili srednje rizi\u010dne grupe. Ove vrste testova se rade u na\u0161oj zemlji u cilju prevencije nastanka raka grli\u0107a materice i uspostavljanja ta\u010dne dijagnoze (https:\/\/www.batut.org.rs\/index.php?content=2485).<\/p>\n\n\n\n<p>Pored organizovanog skrininga raka grli\u0107a materice koji podrazumeva pregled PAP testom na svake tri godine po pozivu lekara za \u017eene uzrasta od 25. do 64. godine, svaka \u017eena starija od 15 godina ima pravo na redovan ginekolo\u0161ki pregled.<\/p>\n\n\n\n<p>Prema preporukama Ameri\u010dkog udru\u017eenja ginekologa i aku\u0161era (https:\/\/www.acog.org\/womens-health\/faqs\/cervical-cancer-screening), PAP test se preporu\u010duje svake tri godine od 21 do 29 godina. Od 30 do 65 godina, \u017eene imaju tri opcije: PAP test svake tri&nbsp; godine, PAP test plus HPV test (ko-test) svakih pet godina ili samo HPV test svakih pet godina.<\/p>\n\n\n\n<p>Institut za javno zdravlje Srbije \u201eDr Milan Jovanovi\u0107 Batut\u201d, Kancelarija za skrinig raka u saradnji sa mre\u017eom instituta i zavoda za javno zdravlje obele\u017ei\u0107e Evropsku nedelju prevencije raka grli\u0107a materice organizovanjem razli\u010ditih edukativno-promotivnih aktivnosti.<\/p>\n\n\n\n<p>U znak podr\u0161ke tokom Evropske nedelje prevencije raka grli\u0107a materice, a sa ciljem podizanja svesti o preventivnim pregledima, tirkizno-zelenom bojom koja je za\u0161titni znak kampanje bi\u0107e osvetljen Avalski toranj.<\/p>\n","protected":false},"excerpt":{"rendered":"<p>Evropska nedelja prevencije raka grli\u0107a materice obele\u017eava se od 22. do 28. januara 2024. godine u cilju unapre\u0111enja stavova i informisanja o raku grli\u0107a materice i na\u010dinima prevencije. Osnovna poruka svim \u017eenama je da je rak grli\u0107a materice maligna bolest koja se mo\u017ee spre\u010diti:\u201eZAJEDNO PROTIV RAKA GRLI\u0106A MATERICE\u201d. To je slogan 18. Evropske nedelje prevencije [&hellip;]<\/p>\n","protected":false},"author":1,"featured_media":2018,"comment_status":"closed","ping_status":"closed","sticky":false,"template":"","format":"standard","meta":{"_eb_attr":"","footnotes":""},"categories":[3],"tags":[],"class_list":["post-2019","post","type-post","status-publish","format-standard","has-post-thumbnail","hentry","category-kalendar-zdravlja"],"blocksy_meta":[],"yoast_head":"<!-- This site is optimized with the Yoast SEO plugin v27.5 - https:\/\/yoast.com\/product\/yoast-seo-wordpress\/ -->\n<title>\u201eZAJEDNO PROTIV RAKA GRLI\u0106A MATERICE\u201d - Dom zdravlja &quot;Dr Dragan Funduk&quot; Pe\u0107inci<\/title>\n<meta name=\"robots\" content=\"index, follow, max-snippet:-1, max-image-preview:large, max-video-preview:-1\" \/>\n<link rel=\"canonical\" href=\"https:\/\/dzpecinci.rs\/wordpress\/zajedno-protiv-raka-grlica-materice\/\" \/>\n<meta property=\"og:locale\" content=\"sr_RS\" \/>\n<meta property=\"og:type\" content=\"article\" \/>\n<meta property=\"og:title\" content=\"\u201eZAJEDNO PROTIV RAKA GRLI\u0106A MATERICE\u201d - Dom zdravlja &quot;Dr Dragan Funduk&quot; Pe\u0107inci\" \/>\n<meta property=\"og:description\" content=\"Evropska nedelja prevencije raka grli\u0107a materice obele\u017eava se od 22. do 28. januara 2024. godine u cilju unapre\u0111enja stavova i informisanja o raku grli\u0107a materice i na\u010dinima prevencije. Osnovna poruka svim \u017eenama je da je rak grli\u0107a materice maligna bolest koja se mo\u017ee spre\u010diti:\u201eZAJEDNO PROTIV RAKA GRLI\u0106A MATERICE\u201d. To je slogan 18. Evropske nedelje prevencije [&hellip;]\" \/>\n<meta property=\"og:url\" content=\"https:\/\/dzpecinci.rs\/wordpress\/zajedno-protiv-raka-grlica-materice\/\" \/>\n<meta property=\"og:site_name\" content=\"Dom zdravlja &quot;Dr Dragan Funduk&quot; Pe\u0107inci\" \/>\n<meta property=\"article:published_time\" content=\"2024-01-22T09:15:46+00:00\" \/>\n<meta property=\"article:modified_time\" content=\"2024-01-24T09:17:58+00:00\" \/>\n<meta property=\"og:image\" content=\"https:\/\/dzpecinci.rs\/wordpress\/wp-content\/uploads\/2024\/01\/grlic_materice.jpg\" \/>\n\t<meta property=\"og:image:width\" content=\"1200\" \/>\n\t<meta property=\"og:image:height\" content=\"851\" \/>\n\t<meta property=\"og:image:type\" content=\"image\/jpeg\" \/>\n<meta name=\"author\" content=\"admin\" \/>\n<meta name=\"twitter:card\" content=\"summary_large_image\" \/>\n<meta name=\"twitter:label1\" content=\"Napisano od\" \/>\n\t<meta name=\"twitter:data1\" content=\"admin\" \/>\n<script type=\"application\/ld+json\" class=\"yoast-schema-graph\">{\"@context\":\"https:\\\/\\\/schema.org\",\"@graph\":[{\"@type\":\"Article\",\"@id\":\"https:\\\/\\\/dzpecinci.rs\\\/wordpress\\\/zajedno-protiv-raka-grlica-materice\\\/#article\",\"isPartOf\":{\"@id\":\"https:\\\/\\\/dzpecinci.rs\\\/wordpress\\\/zajedno-protiv-raka-grlica-materice\\\/\"},\"author\":{\"name\":\"admin\",\"@id\":\"https:\\\/\\\/dzpecinci.rs\\\/wordpress\\\/#\\\/schema\\\/person\\\/18c2075273f1344eae750c84614e01a6\"},\"headline\":\"\u201eZAJEDNO PROTIV RAKA GRLI\u0106A MATERICE\u201d\",\"datePublished\":\"2024-01-22T09:15:46+00:00\",\"dateModified\":\"2024-01-24T09:17:58+00:00\",\"mainEntityOfPage\":{\"@id\":\"https:\\\/\\\/dzpecinci.rs\\\/wordpress\\\/zajedno-protiv-raka-grlica-materice\\\/\"},\"wordCount\":413,\"publisher\":{\"@id\":\"https:\\\/\\\/dzpecinci.rs\\\/wordpress\\\/#organization\"},\"image\":{\"@id\":\"https:\\\/\\\/dzpecinci.rs\\\/wordpress\\\/zajedno-protiv-raka-grlica-materice\\\/#primaryimage\"},\"thumbnailUrl\":\"https:\\\/\\\/dzpecinci.rs\\\/wordpress\\\/wp-content\\\/uploads\\\/2024\\\/01\\\/grlic_materice.jpg\",\"articleSection\":[\"Kalendar zdravlja\"],\"inLanguage\":\"sr-RS\"},{\"@type\":\"WebPage\",\"@id\":\"https:\\\/\\\/dzpecinci.rs\\\/wordpress\\\/zajedno-protiv-raka-grlica-materice\\\/\",\"url\":\"https:\\\/\\\/dzpecinci.rs\\\/wordpress\\\/zajedno-protiv-raka-grlica-materice\\\/\",\"name\":\"\u201e\u0417\u0410\u0408\u0415\u0414\u041d\u041e \u041f\u0420\u041e\u0422\u0418\u0412 \u0420\u0410K\u0410 \u0413\u0420\u041b\u0418\u040b\u0410 \u041c\u0410\u0422\u0415\u0420\u0418\u0426\u0415\u201d - Dom zdravlja &quot;Dr Dragan Funduk&quot; Pe\u0107inci\",\"isPartOf\":{\"@id\":\"https:\\\/\\\/dzpecinci.rs\\\/wordpress\\\/#website\"},\"primaryImageOfPage\":{\"@id\":\"https:\\\/\\\/dzpecinci.rs\\\/wordpress\\\/zajedno-protiv-raka-grlica-materice\\\/#primaryimage\"},\"image\":{\"@id\":\"https:\\\/\\\/dzpecinci.rs\\\/wordpress\\\/zajedno-protiv-raka-grlica-materice\\\/#primaryimage\"},\"thumbnailUrl\":\"https:\\\/\\\/dzpecinci.rs\\\/wordpress\\\/wp-content\\\/uploads\\\/2024\\\/01\\\/grlic_materice.jpg\",\"datePublished\":\"2024-01-22T09:15:46+00:00\",\"dateModified\":\"2024-01-24T09:17:58+00:00\",\"breadcrumb\":{\"@id\":\"https:\\\/\\\/dzpecinci.rs\\\/wordpress\\\/zajedno-protiv-raka-grlica-materice\\\/#breadcrumb\"},\"inLanguage\":\"sr-RS\",\"potentialAction\":[{\"@type\":\"ReadAction\",\"target\":[\"https:\\\/\\\/dzpecinci.rs\\\/wordpress\\\/zajedno-protiv-raka-grlica-materice\\\/\"]}]},{\"@type\":\"ImageObject\",\"inLanguage\":\"sr-RS\",\"@id\":\"https:\\\/\\\/dzpecinci.rs\\\/wordpress\\\/zajedno-protiv-raka-grlica-materice\\\/#primaryimage\",\"url\":\"https:\\\/\\\/dzpecinci.rs\\\/wordpress\\\/wp-content\\\/uploads\\\/2024\\\/01\\\/grlic_materice.jpg\",\"contentUrl\":\"https:\\\/\\\/dzpecinci.rs\\\/wordpress\\\/wp-content\\\/uploads\\\/2024\\\/01\\\/grlic_materice.jpg\",\"width\":1200,\"height\":851,\"caption\":\"rak_grlica_materice\"},{\"@type\":\"BreadcrumbList\",\"@id\":\"https:\\\/\\\/dzpecinci.rs\\\/wordpress\\\/zajedno-protiv-raka-grlica-materice\\\/#breadcrumb\",\"itemListElement\":[{\"@type\":\"ListItem\",\"position\":1,\"name\":\"Home\",\"item\":\"https:\\\/\\\/dzpecinci.rs\\\/wordpress\\\/\"},{\"@type\":\"ListItem\",\"position\":2,\"name\":\"\u201e\u0417\u0410\u0408\u0415\u0414\u041d\u041e \u041f\u0420\u041e\u0422\u0418\u0412 \u0420\u0410\u041a\u0410 \u0413\u0420\u041b\u0418\u040b\u0410 \u041c\u0410\u0422\u0415\u0420\u0418\u0426\u0415\u201d\"}]},{\"@type\":\"WebSite\",\"@id\":\"https:\\\/\\\/dzpecinci.rs\\\/wordpress\\\/#website\",\"url\":\"https:\\\/\\\/dzpecinci.rs\\\/wordpress\\\/\",\"name\":\"\u0414\u043e\u043c \u0437\u0434\u0440\u0430\u0432\u0459\u0430 \\\"\u0414\u0440 \u0414\u0440\u0430\u0433\u0430\u043d \u0424\u0443\u043d\u0434\u0443\u043a\\\" \u041f\u0435\u045b\u0438\u043d\u0446\u0438\",\"description\":\"Informacije i aktuelnosti u vezi Doma zdravlja &quot;Dr Dragan Funduk&quot; Pe\u0107icni\",\"publisher\":{\"@id\":\"https:\\\/\\\/dzpecinci.rs\\\/wordpress\\\/#organization\"},\"potentialAction\":[{\"@type\":\"SearchAction\",\"target\":{\"@type\":\"EntryPoint\",\"urlTemplate\":\"https:\\\/\\\/dzpecinci.rs\\\/wordpress\\\/?s={search_term_string}\"},\"query-input\":{\"@type\":\"PropertyValueSpecification\",\"valueRequired\":true,\"valueName\":\"search_term_string\"}}],\"inLanguage\":\"sr-RS\"},{\"@type\":\"Organization\",\"@id\":\"https:\\\/\\\/dzpecinci.rs\\\/wordpress\\\/#organization\",\"name\":\"\u0414\u043e\u043c \u0437\u0434\u0440\u0430\u0432\u0459\u0430 \\\"\u0414\u0440 \u0414\u0440\u0430\u0433\u0430\u043d \u0424\u0443\u043d\u0434\u0443\u043a\\\" \u041f\u0435\u045b\u0438\u043d\u0446\u0438\",\"url\":\"https:\\\/\\\/dzpecinci.rs\\\/wordpress\\\/\",\"logo\":{\"@type\":\"ImageObject\",\"inLanguage\":\"sr-RS\",\"@id\":\"https:\\\/\\\/dzpecinci.rs\\\/wordpress\\\/#\\\/schema\\\/logo\\\/image\\\/\",\"url\":\"https:\\\/\\\/dzpecinci.rs\\\/wordpress\\\/wp-content\\\/uploads\\\/2023\\\/08\\\/logo2.png\",\"contentUrl\":\"https:\\\/\\\/dzpecinci.rs\\\/wordpress\\\/wp-content\\\/uploads\\\/2023\\\/08\\\/logo2.png\",\"width\":512,\"height\":512,\"caption\":\"\u0414\u043e\u043c \u0437\u0434\u0440\u0430\u0432\u0459\u0430 \\\"\u0414\u0440 \u0414\u0440\u0430\u0433\u0430\u043d \u0424\u0443\u043d\u0434\u0443\u043a\\\" \u041f\u0435\u045b\u0438\u043d\u0446\u0438\"},\"image\":{\"@id\":\"https:\\\/\\\/dzpecinci.rs\\\/wordpress\\\/#\\\/schema\\\/logo\\\/image\\\/\"}},{\"@type\":\"Person\",\"@id\":\"https:\\\/\\\/dzpecinci.rs\\\/wordpress\\\/#\\\/schema\\\/person\\\/18c2075273f1344eae750c84614e01a6\",\"name\":\"admin\",\"image\":{\"@type\":\"ImageObject\",\"inLanguage\":\"sr-RS\",\"@id\":\"https:\\\/\\\/secure.gravatar.com\\\/avatar\\\/04c646989b9d069a6cbda53151838c1eff1f5ae7222e07b78276b71c3e9c73df?s=96&d=mm&r=g\",\"url\":\"https:\\\/\\\/secure.gravatar.com\\\/avatar\\\/04c646989b9d069a6cbda53151838c1eff1f5ae7222e07b78276b71c3e9c73df?s=96&d=mm&r=g\",\"contentUrl\":\"https:\\\/\\\/secure.gravatar.com\\\/avatar\\\/04c646989b9d069a6cbda53151838c1eff1f5ae7222e07b78276b71c3e9c73df?s=96&d=mm&r=g\",\"caption\":\"admin\"},\"sameAs\":[\"https:\\\/\\\/dzpecinci.rs\\\/wordpress\"],\"url\":\"https:\\\/\\\/dzpecinci.rs\\\/wordpress\\\/author\\\/domzdravlja-pecinci_npmn7gpz\\\/\"}]}<\/script>\n<!-- \/ Yoast SEO plugin. -->","yoast_head_json":{"title":"\u201eZAJEDNO PROTIV RAKA GRLI\u0106A MATERICE\u201d - Dom zdravlja &quot;Dr Dragan Funduk&quot; Pe\u0107inci","robots":{"index":"index","follow":"follow","max-snippet":"max-snippet:-1","max-image-preview":"max-image-preview:large","max-video-preview":"max-video-preview:-1"},"canonical":"https:\/\/dzpecinci.rs\/wordpress\/zajedno-protiv-raka-grlica-materice\/","og_locale":"sr_RS","og_type":"article","og_title":"\u201eZAJEDNO PROTIV RAKA GRLI\u0106A MATERICE\u201d - Dom zdravlja &quot;Dr Dragan Funduk&quot; Pe\u0107inci","og_description":"Evropska nedelja prevencije raka grli\u0107a materice obele\u017eava se od 22. do 28. januara 2024. godine u cilju unapre\u0111enja stavova i informisanja o raku grli\u0107a materice i na\u010dinima prevencije. Osnovna poruka svim \u017eenama je da je rak grli\u0107a materice maligna bolest koja se mo\u017ee spre\u010diti:\u201eZAJEDNO PROTIV RAKA GRLI\u0106A MATERICE\u201d. To je slogan 18. Evropske nedelje prevencije [&hellip;]","og_url":"https:\/\/dzpecinci.rs\/wordpress\/zajedno-protiv-raka-grlica-materice\/","og_site_name":"Dom zdravlja &quot;Dr Dragan Funduk&quot; Pe\u0107inci","article_published_time":"2024-01-22T09:15:46+00:00","article_modified_time":"2024-01-24T09:17:58+00:00","og_image":[{"width":1200,"height":851,"url":"https:\/\/dzpecinci.rs\/wordpress\/wp-content\/uploads\/2024\/01\/grlic_materice.jpg","type":"image\/jpeg"}],"author":"admin","twitter_card":"summary_large_image","twitter_misc":{"Napisano od":"admin"},"schema":{"@context":"https:\/\/schema.org","@graph":[{"@type":"Article","@id":"https:\/\/dzpecinci.rs\/wordpress\/zajedno-protiv-raka-grlica-materice\/#article","isPartOf":{"@id":"https:\/\/dzpecinci.rs\/wordpress\/zajedno-protiv-raka-grlica-materice\/"},"author":{"name":"admin","@id":"https:\/\/dzpecinci.rs\/wordpress\/#\/schema\/person\/18c2075273f1344eae750c84614e01a6"},"headline":"\u201eZAJEDNO PROTIV RAKA GRLI\u0106A MATERICE\u201d","datePublished":"2024-01-22T09:15:46+00:00","dateModified":"2024-01-24T09:17:58+00:00","mainEntityOfPage":{"@id":"https:\/\/dzpecinci.rs\/wordpress\/zajedno-protiv-raka-grlica-materice\/"},"wordCount":413,"publisher":{"@id":"https:\/\/dzpecinci.rs\/wordpress\/#organization"},"image":{"@id":"https:\/\/dzpecinci.rs\/wordpress\/zajedno-protiv-raka-grlica-materice\/#primaryimage"},"thumbnailUrl":"https:\/\/dzpecinci.rs\/wordpress\/wp-content\/uploads\/2024\/01\/grlic_materice.jpg","articleSection":["Kalendar zdravlja"],"inLanguage":"sr-RS"},{"@type":"WebPage","@id":"https:\/\/dzpecinci.rs\/wordpress\/zajedno-protiv-raka-grlica-materice\/","url":"https:\/\/dzpecinci.rs\/wordpress\/zajedno-protiv-raka-grlica-materice\/","name":"\u201eZAJEDNO PROTIV RAKA GRLI\u0106A MATERICE\u201d - Dom zdravlja &quot;Dr Dragan Funduk&quot; Pe\u0107inci","isPartOf":{"@id":"https:\/\/dzpecinci.rs\/wordpress\/#website"},"primaryImageOfPage":{"@id":"https:\/\/dzpecinci.rs\/wordpress\/zajedno-protiv-raka-grlica-materice\/#primaryimage"},"image":{"@id":"https:\/\/dzpecinci.rs\/wordpress\/zajedno-protiv-raka-grlica-materice\/#primaryimage"},"thumbnailUrl":"https:\/\/dzpecinci.rs\/wordpress\/wp-content\/uploads\/2024\/01\/grlic_materice.jpg","datePublished":"2024-01-22T09:15:46+00:00","dateModified":"2024-01-24T09:17:58+00:00","breadcrumb":{"@id":"https:\/\/dzpecinci.rs\/wordpress\/zajedno-protiv-raka-grlica-materice\/#breadcrumb"},"inLanguage":"sr-RS","potentialAction":[{"@type":"ReadAction","target":["https:\/\/dzpecinci.rs\/wordpress\/zajedno-protiv-raka-grlica-materice\/"]}]},{"@type":"ImageObject","inLanguage":"sr-RS","@id":"https:\/\/dzpecinci.rs\/wordpress\/zajedno-protiv-raka-grlica-materice\/#primaryimage","url":"https:\/\/dzpecinci.rs\/wordpress\/wp-content\/uploads\/2024\/01\/grlic_materice.jpg","contentUrl":"https:\/\/dzpecinci.rs\/wordpress\/wp-content\/uploads\/2024\/01\/grlic_materice.jpg","width":1200,"height":851,"caption":"rak_grlica_materice"},{"@type":"BreadcrumbList","@id":"https:\/\/dzpecinci.rs\/wordpress\/zajedno-protiv-raka-grlica-materice\/#breadcrumb","itemListElement":[{"@type":"ListItem","position":1,"name":"Home","item":"https:\/\/dzpecinci.rs\/wordpress\/"},{"@type":"ListItem","position":2,"name":"\u201eZAJEDNO PROTIV RAKA GRLI\u0106A MATERICE\u201d"}]},{"@type":"WebSite","@id":"https:\/\/dzpecinci.rs\/wordpress\/#website","url":"https:\/\/dzpecinci.rs\/wordpress\/","name":"Dom zdravlja \"Dr Dragan Funduk\" Pe\u0107inci","description":"Informacije i aktuelnosti u vezi Doma zdravlja &quot;Dr Dragan Funduk&quot; Pe\u0107icni","publisher":{"@id":"https:\/\/dzpecinci.rs\/wordpress\/#organization"},"potentialAction":[{"@type":"SearchAction","target":{"@type":"EntryPoint","urlTemplate":"https:\/\/dzpecinci.rs\/wordpress\/?s={search_term_string}"},"query-input":{"@type":"PropertyValueSpecification","valueRequired":true,"valueName":"search_term_string"}}],"inLanguage":"sr-RS"},{"@type":"Organization","@id":"https:\/\/dzpecinci.rs\/wordpress\/#organization","name":"Dom zdravlja \"Dr Dragan Funduk\" Pe\u0107inci","url":"https:\/\/dzpecinci.rs\/wordpress\/","logo":{"@type":"ImageObject","inLanguage":"sr-RS","@id":"https:\/\/dzpecinci.rs\/wordpress\/#\/schema\/logo\/image\/","url":"https:\/\/dzpecinci.rs\/wordpress\/wp-content\/uploads\/2023\/08\/logo2.png","contentUrl":"https:\/\/dzpecinci.rs\/wordpress\/wp-content\/uploads\/2023\/08\/logo2.png","width":512,"height":512,"caption":"Dom zdravlja \"Dr Dragan Funduk\" Pe\u0107inci"},"image":{"@id":"https:\/\/dzpecinci.rs\/wordpress\/#\/schema\/logo\/image\/"}},{"@type":"Person","@id":"https:\/\/dzpecinci.rs\/wordpress\/#\/schema\/person\/18c2075273f1344eae750c84614e01a6","name":"admin","image":{"@type":"ImageObject","inLanguage":"sr-RS","@id":"https:\/\/secure.gravatar.com\/avatar\/04c646989b9d069a6cbda53151838c1eff1f5ae7222e07b78276b71c3e9c73df?s=96&d=mm&r=g","url":"https:\/\/secure.gravatar.com\/avatar\/04c646989b9d069a6cbda53151838c1eff1f5ae7222e07b78276b71c3e9c73df?s=96&d=mm&r=g","contentUrl":"https:\/\/secure.gravatar.com\/avatar\/04c646989b9d069a6cbda53151838c1eff1f5ae7222e07b78276b71c3e9c73df?s=96&d=mm&r=g","caption":"admin"},"sameAs":["https:\/\/dzpecinci.rs\/wordpress"],"url":"https:\/\/dzpecinci.rs\/wordpress\/author\/domzdravlja-pecinci_npmn7gpz\/"}]}},"rttpg_featured_image_url":{"full":["https:\/\/dzpecinci.rs\/wordpress\/wp-content\/uploads\/2024\/01\/grlic_materice.jpg",1200,851,false],"landscape":["https:\/\/dzpecinci.rs\/wordpress\/wp-content\/uploads\/2024\/01\/grlic_materice.jpg",1200,851,false],"portraits":["https:\/\/dzpecinci.rs\/wordpress\/wp-content\/uploads\/2024\/01\/grlic_materice.jpg",1200,851,false],"thumbnail":["https:\/\/dzpecinci.rs\/wordpress\/wp-content\/uploads\/2024\/01\/grlic_materice-150x150.jpg",150,150,true],"medium":["https:\/\/dzpecinci.rs\/wordpress\/wp-content\/uploads\/2024\/01\/grlic_materice-300x213.jpg",300,213,true],"large":["https:\/\/dzpecinci.rs\/wordpress\/wp-content\/uploads\/2024\/01\/grlic_materice-1024x726.jpg",1024,726,true],"1536x1536":["https:\/\/dzpecinci.rs\/wordpress\/wp-content\/uploads\/2024\/01\/grlic_materice.jpg",1200,851,false],"2048x2048":["https:\/\/dzpecinci.rs\/wordpress\/wp-content\/uploads\/2024\/01\/grlic_materice.jpg",1200,851,false]},"rttpg_author":{"display_name":"admin","author_link":"https:\/\/dzpecinci.rs\/wordpress\/author\/domzdravlja-pecinci_npmn7gpz\/"},"rttpg_comment":0,"rttpg_category":"<a href=\"https:\/\/dzpecinci.rs\/wordpress\/category\/kalendar-zdravlja\/\" rel=\"category tag\">Kalendar zdravlja<\/a>","rttpg_excerpt":"Evropska nedelja prevencije raka grli\u0107a materice obele\u017eava se od 22. do 28. januara 2024. godine u cilju unapre\u0111enja stavova i informisanja o raku grli\u0107a materice i na\u010dinima prevencije. Osnovna poruka svim \u017eenama je da je rak grli\u0107a materice maligna bolest koja se mo\u017ee spre\u010diti:\u201eZAJEDNO PROTIV RAKA GRLI\u0106A MATERICE\u201d. To je slogan 18. Evropske nedelje prevencije&hellip;","_links":{"self":[{"href":"https:\/\/dzpecinci.rs\/wordpress\/wp-json\/wp\/v2\/posts\/2019","targetHints":{"allow":["GET"]}}],"collection":[{"href":"https:\/\/dzpecinci.rs\/wordpress\/wp-json\/wp\/v2\/posts"}],"about":[{"href":"https:\/\/dzpecinci.rs\/wordpress\/wp-json\/wp\/v2\/types\/post"}],"author":[{"embeddable":true,"href":"https:\/\/dzpecinci.rs\/wordpress\/wp-json\/wp\/v2\/users\/1"}],"replies":[{"embeddable":true,"href":"https:\/\/dzpecinci.rs\/wordpress\/wp-json\/wp\/v2\/comments?post=2019"}],"version-history":[{"count":0,"href":"https:\/\/dzpecinci.rs\/wordpress\/wp-json\/wp\/v2\/posts\/2019\/revisions"}],"wp:featuredmedia":[{"embeddable":true,"href":"https:\/\/dzpecinci.rs\/wordpress\/wp-json\/wp\/v2\/media\/2018"}],"wp:attachment":[{"href":"https:\/\/dzpecinci.rs\/wordpress\/wp-json\/wp\/v2\/media?parent=2019"}],"wp:term":[{"taxonomy":"category","embeddable":true,"href":"https:\/\/dzpecinci.rs\/wordpress\/wp-json\/wp\/v2\/categories?post=2019"},{"taxonomy":"post_tag","embeddable":true,"href":"https:\/\/dzpecinci.rs\/wordpress\/wp-json\/wp\/v2\/tags?post=2019"}],"curies":[{"name":"wp","href":"https:\/\/api.w.org\/{rel}","templated":true}]}}